{"id":23,"date":"2023-02-22T14:22:18","date_gmt":"2023-02-22T13:22:18","guid":{"rendered":"https:\/\/krawattenlos.de\/members\/?p=23"},"modified":"2023-04-24T16:48:36","modified_gmt":"2023-04-24T14:48:36","slug":"dividendenkalender-pro-wird-zur-dividendenstrategie-pro-tool-box","status":"publish","type":"post","link":"https:\/\/krawattenlos.de\/members\/updates\/dividendenkalender-pro-wird-zur-dividendenstrategie-pro-tool-box\/","title":{"rendered":"Dividendenkalender Pro + wird zur Dividendenstrategie Pro + Tool-Box"},"content":{"rendered":"<p><div class=\"fusion-fullwidth fullwidth-box fusion-builder-row-1 fusion-flex-container has-pattern-background has-mask-background nonhundred-percent-fullwidth non-hundred-percent-height-scrolling\" style=\"--awb-border-radius-top-left:0px;--awb-border-radius-top-right:0px;--awb-border-radius-bottom-right:0px;--awb-border-radius-bottom-left:0px;--awb-flex-wrap:wrap;\" ><div class=\"fusion-builder-row fusion-row fusion-flex-align-items-flex-start fusion-flex-content-wrap\" style=\"max-width:1248px;margin-left: calc(-4% \/ 2 );margin-right: calc(-4% \/ 2 );\"><div class=\"fusion-layout-column fusion_builder_column fusion-builder-column-0 fusion_builder_column_1_1 1_1 fusion-flex-column\" style=\"--awb-bg-size:cover;--awb-width-large:100%;--awb-margin-top-large:0px;--awb-spacing-right-large:1.92%;--awb-margin-bottom-large:20px;--awb-spacing-left-large:1.92%;--awb-width-medium:100%;--awb-order-medium:0;--awb-spacing-right-medium:1.92%;--awb-spacing-left-medium:1.92%;--awb-width-small:100%;--awb-order-small:0;--awb-spacing-right-small:1.92%;--awb-spacing-left-small:1.92%;\"><div class=\"fusion-column-wrapper fusion-column-has-shadow fusion-flex-justify-content-flex-start fusion-content-layout-column\"><div class=\"fusion-text fusion-text-1\"><p>Wir haben beschlossen den <strong>Dividenden Kalender Pro +<\/strong>, sowie den <strong>Chart Pro +<\/strong> in ein Tool zu integrieren.<br \/>Aufgrund gro\u00dfer Neuerungen und erweiterten Funktionsumfang werden wir zuk\u00fcnftig nur noch dieses Produkt zur Umsetzung unseres <strong>ganzheitlichen Dividendenstrategie-Konzeptes<\/strong> anbieten. Wie soll es anders sein, der Name des Tools lautet:<\/p>\n<h4><span style=\"color: #d80606;\"><strong>Dividendenstrategie Pro + Tool-Box<\/strong><\/span><\/h4>\n<p>Hier ein kleiner Abriss \u00fcber die wichtigsten Neuerungen: <\/p>\n<\/div><\/div><\/div><\/div><\/div><div class=\"fusion-fullwidth fullwidth-box fusion-builder-row-2 fusion-flex-container has-pattern-background has-mask-background nonhundred-percent-fullwidth non-hundred-percent-height-scrolling\" style=\"--awb-border-radius-top-left:0px;--awb-border-radius-top-right:0px;--awb-border-radius-bottom-right:0px;--awb-border-radius-bottom-left:0px;--awb-flex-wrap:wrap;\" ><div class=\"fusion-builder-row fusion-row fusion-flex-align-items-flex-start fusion-flex-content-wrap\" style=\"max-width:1248px;margin-left: calc(-4% \/ 2 );margin-right: calc(-4% \/ 2 );\"><div class=\"fusion-layout-column fusion_builder_column fusion-builder-column-1 fusion_builder_column_1_4 1_4 fusion-flex-column\" style=\"--awb-bg-size:cover;--awb-width-large:25%;--awb-margin-top-large:0px;--awb-spacing-right-large:7.68%;--awb-margin-bottom-large:20px;--awb-spacing-left-large:7.68%;--awb-width-medium:25%;--awb-order-medium:0;--awb-spacing-right-medium:7.68%;--awb-spacing-left-medium:7.68%;--awb-width-small:100%;--awb-order-small:0;--awb-spacing-right-small:1.92%;--awb-spacing-left-small:1.92%;\"><div class=\"fusion-column-wrapper fusion-column-has-shadow fusion-flex-justify-content-flex-start fusion-content-layout-column\"><i class=\"fb-icon-element-1 fb-icon-element fontawesome-icon fa-mouse fas circle-no\" style=\"--awb-iconcolor:var(--awb-color8);--awb-iconcolor-hover:var(--awb-color8);--awb-font-size:50px;--awb-align-self:center;--awb-margin-top:0px;--awb-margin-right:0px;--awb-margin-bottom:20px;--awb-margin-left:0px;\"><\/i><div class=\"fusion-text fusion-text-2\"><p>Kein umst\u00e4ndlicher Download des Stammdatenfiles mehr. Einfacher Klick im Excel aktualisiert automatisch alle Daten.<\/p>\n<\/div><\/div><\/div><div class=\"fusion-layout-column fusion_builder_column fusion-builder-column-2 fusion_builder_column_1_4 1_4 fusion-flex-column\" style=\"--awb-bg-size:cover;--awb-width-large:25%;--awb-margin-top-large:0px;--awb-spacing-right-large:7.68%;--awb-margin-bottom-large:20px;--awb-spacing-left-large:7.68%;--awb-width-medium:25%;--awb-order-medium:0;--awb-spacing-right-medium:7.68%;--awb-spacing-left-medium:7.68%;--awb-width-small:100%;--awb-order-small:0;--awb-spacing-right-small:1.92%;--awb-spacing-left-small:1.92%;\"><div class=\"fusion-column-wrapper fusion-column-has-shadow fusion-flex-justify-content-flex-start fusion-content-layout-column\"><i class=\"fb-icon-element-2 fb-icon-element fontawesome-icon fa-sync fas circle-no\" style=\"--awb-iconcolor:var(--awb-color8);--awb-iconcolor-hover:var(--awb-color8);--awb-font-size:50px;--awb-align-self:center;--awb-margin-top:0px;--awb-margin-right:0px;--awb-margin-bottom:20px;--awb-margin-left:0px;\"><\/i><div class=\"fusion-text fusion-text-3\"><p>Alle 30 Minuten k\u00f6nnen die Daten aktualisiert werden, anstatt wie bisher t\u00e4glich.<\/p>\n<\/div><\/div><\/div><div class=\"fusion-layout-column fusion_builder_column fusion-builder-column-3 fusion_builder_column_1_4 1_4 fusion-flex-column\" style=\"--awb-bg-size:cover;--awb-width-large:25%;--awb-margin-top-large:0px;--awb-spacing-right-large:7.68%;--awb-margin-bottom-large:20px;--awb-spacing-left-large:7.68%;--awb-width-medium:25%;--awb-order-medium:0;--awb-spacing-right-medium:7.68%;--awb-spacing-left-medium:7.68%;--awb-width-small:100%;--awb-order-small:0;--awb-spacing-right-small:1.92%;--awb-spacing-left-small:1.92%;\"><div class=\"fusion-column-wrapper fusion-column-has-shadow fusion-flex-justify-content-flex-start fusion-content-layout-column\"><i class=\"fb-icon-element-3 fb-icon-element fontawesome-icon fa-thermometer-half fas circle-no\" style=\"--awb-iconcolor:var(--awb-color8);--awb-iconcolor-hover:var(--awb-color8);--awb-font-size:50px;--awb-align-self:center;--awb-margin-top:0px;--awb-margin-right:0px;--awb-margin-bottom:20px;--awb-margin-left:0px;\"><\/i><div class=\"fusion-text fusion-text-4\"><p>Dank des Krawattenlos Hot-Stock Rangs findest Du schnell unterbewertete Qualit\u00e4ts-Dividendenaktien.<\/p>\n<\/div><\/div><\/div><div class=\"fusion-layout-column fusion_builder_column fusion-builder-column-4 fusion_builder_column_1_4 1_4 fusion-flex-column\" style=\"--awb-bg-size:cover;--awb-width-large:25%;--awb-margin-top-large:0px;--awb-spacing-right-large:7.68%;--awb-margin-bottom-large:20px;--awb-spacing-left-large:7.68%;--awb-width-medium:25%;--awb-order-medium:0;--awb-spacing-right-medium:7.68%;--awb-spacing-left-medium:7.68%;--awb-width-small:100%;--awb-order-small:0;--awb-spacing-right-small:1.92%;--awb-spacing-left-small:1.92%;\"><div class=\"fusion-column-wrapper fusion-column-has-shadow fusion-flex-justify-content-flex-start fusion-content-layout-column\"><i class=\"fb-icon-element-4 fb-icon-element fontawesome-icon fa-pencil-ruler fas circle-no\" style=\"--awb-iconcolor:var(--awb-color8);--awb-iconcolor-hover:var(--awb-color8);--awb-font-size:50px;--awb-align-self:center;--awb-margin-top:0px;--awb-margin-right:0px;--awb-margin-bottom:20px;--awb-margin-left:0px;\"><\/i><div class=\"fusion-text fusion-text-5\"><p>Integration des Dividenden Chart Pro + und Umbenennung des Dividenden Kalender Pro + zur Dividendenstrategie Pro + Tool-Box.<\/p>\n<\/div><\/div><\/div><\/div><\/div><div class=\"fusion-fullwidth fullwidth-box fusion-builder-row-3 fusion-flex-container has-pattern-background has-mask-background nonhundred-percent-fullwidth non-hundred-percent-height-scrolling\" style=\"--awb-border-radius-top-left:0px;--awb-border-radius-top-right:0px;--awb-border-radius-bottom-right:0px;--awb-border-radius-bottom-left:0px;--awb-flex-wrap:wrap;\" ><div class=\"fusion-builder-row fusion-row fusion-flex-align-items-flex-start fusion-flex-content-wrap\" style=\"max-width:1248px;margin-left: calc(-4% \/ 2 );margin-right: calc(-4% \/ 2 );\"><div class=\"fusion-layout-column fusion_builder_column fusion-builder-column-5 fusion_builder_column_1_4 1_4 fusion-flex-column\" style=\"--awb-bg-size:cover;--awb-width-large:25%;--awb-margin-top-large:0px;--awb-spacing-right-large:7.68%;--awb-margin-bottom-large:20px;--awb-spacing-left-large:7.68%;--awb-width-medium:25%;--awb-order-medium:0;--awb-spacing-right-medium:7.68%;--awb-spacing-left-medium:7.68%;--awb-width-small:100%;--awb-order-small:0;--awb-spacing-right-small:1.92%;--awb-spacing-left-small:1.92%;\"><div class=\"fusion-column-wrapper fusion-column-has-shadow fusion-flex-justify-content-flex-start fusion-content-layout-column\"><i class=\"fb-icon-element-5 fb-icon-element fontawesome-icon fa-sort-amount-down fas circle-no\" style=\"--awb-iconcolor:var(--awb-color8);--awb-iconcolor-hover:var(--awb-color8);--awb-font-size:50px;--awb-align-self:center;--awb-margin-top:0px;--awb-margin-right:0px;--awb-margin-bottom:20px;--awb-margin-left:0px;\"><\/i><div class=\"fusion-text fusion-text-6\"><p>Viele neue Sortierm\u00f6glichkeiten wie z.B. Dividendenrendite, Dividendenwachstum, Hot-Stock Rang, Dividenden Score, KGV u.v.m.<\/p>\n<\/div><\/div><\/div><div class=\"fusion-layout-column fusion_builder_column fusion-builder-column-6 fusion_builder_column_1_4 1_4 fusion-flex-column\" style=\"--awb-bg-size:cover;--awb-width-large:25%;--awb-margin-top-large:0px;--awb-spacing-right-large:7.68%;--awb-margin-bottom-large:20px;--awb-spacing-left-large:7.68%;--awb-width-medium:25%;--awb-order-medium:0;--awb-spacing-right-medium:7.68%;--awb-spacing-left-medium:7.68%;--awb-width-small:100%;--awb-order-small:0;--awb-spacing-right-small:1.92%;--awb-spacing-left-small:1.92%;\"><div class=\"fusion-column-wrapper fusion-column-has-shadow fusion-flex-justify-content-flex-start fusion-content-layout-column\"><i class=\"fb-icon-element-6 fb-icon-element fontawesome-icon fa-tags fas circle-no\" style=\"--awb-iconcolor:var(--awb-color8);--awb-iconcolor-hover:var(--awb-color8);--awb-font-size:50px;--awb-align-self:center;--awb-margin-top:0px;--awb-margin-right:0px;--awb-margin-bottom:20px;--awb-margin-left:0px;\"><\/i><div class=\"fusion-text fusion-text-7\"><p>Neue Kennzeichnungen machen die Aktien-Suche noch einfacher:<br \/><span style=\"color: var(--awb-text-color); font-family: var(--awb-text-font-family); font-size: var(--awb-font-size); font-style: var(--awb-text-font-style); font-weight: var(--awb-text-font-weight); letter-spacing: var(--awb-letter-spacing); text-align: var(--awb-content-alignment); text-transform: var(--awb-text-transform); background-color: var(--awb-bg-color);\">&#8211; Dividendenk\u00f6nig, -aristokrat<br \/><\/span><span style=\"color: var(--awb-text-color); font-family: var(--awb-text-font-family); font-size: var(--awb-font-size); font-style: var(--awb-text-font-style); font-weight: var(--awb-text-font-weight); letter-spacing: var(--awb-letter-spacing); text-align: var(--awb-content-alignment); text-transform: var(--awb-text-transform); background-color: var(--awb-bg-color);\">&#8211; Unter- \/ \u00dcberbewertung anhand Fair Value Dividende und KGV<br \/><\/span><span style=\"color: var(--awb-text-color); font-family: var(--awb-text-font-family); font-size: var(--awb-font-size); font-style: var(--awb-text-font-style); font-weight: var(--awb-text-font-weight); letter-spacing: var(--awb-letter-spacing); text-align: var(--awb-content-alignment); text-transform: var(--awb-text-transform); background-color: var(--awb-bg-color);\">&#8211; Tagesgewinner \/ -verlierer<br \/><\/span><span style=\"color: var(--awb-text-color); font-family: var(--awb-text-font-family); font-size: var(--awb-font-size); font-style: var(--awb-text-font-style); font-weight: var(--awb-text-font-weight); letter-spacing: var(--awb-letter-spacing); text-align: var(--awb-content-alignment); text-transform: var(--awb-text-transform); background-color: var(--awb-bg-color);\">&#8211;  Positives \/ Negatives Dividendenwachstum<\/span><\/p>\n<\/div><\/div><\/div><div class=\"fusion-layout-column fusion_builder_column fusion-builder-column-7 fusion_builder_column_1_4 1_4 fusion-flex-column\" style=\"--awb-bg-size:cover;--awb-width-large:25%;--awb-margin-top-large:0px;--awb-spacing-right-large:7.68%;--awb-margin-bottom-large:20px;--awb-spacing-left-large:7.68%;--awb-width-medium:25%;--awb-order-medium:0;--awb-spacing-right-medium:7.68%;--awb-spacing-left-medium:7.68%;--awb-width-small:100%;--awb-order-small:0;--awb-spacing-right-small:1.92%;--awb-spacing-left-small:1.92%;\"><div class=\"fusion-column-wrapper fusion-column-has-shadow fusion-flex-justify-content-flex-start fusion-content-layout-column\"><i class=\"fb-icon-element-7 fb-icon-element fontawesome-icon fa-chart-line fas circle-no\" style=\"--awb-iconcolor:var(--awb-color8);--awb-iconcolor-hover:var(--awb-color8);--awb-font-size:50px;--awb-align-self:center;--awb-margin-top:0px;--awb-margin-right:0px;--awb-margin-bottom:20px;--awb-margin-left:0px;\"><\/i><div class=\"fusion-text fusion-text-8\"><p>Speichere Deine t\u00e4gliche B\u00f6rsenperformance und erhalte t\u00e4gliche Informationen zu Deinem Anlageerfolg.<\/p>\n<\/div><\/div><\/div><div class=\"fusion-layout-column fusion_builder_column fusion-builder-column-8 fusion_builder_column_1_4 1_4 fusion-flex-column\" style=\"--awb-bg-size:cover;--awb-width-large:25%;--awb-margin-top-large:0px;--awb-spacing-right-large:7.68%;--awb-margin-bottom-large:20px;--awb-spacing-left-large:7.68%;--awb-width-medium:25%;--awb-order-medium:0;--awb-spacing-right-medium:7.68%;--awb-spacing-left-medium:7.68%;--awb-width-small:100%;--awb-order-small:0;--awb-spacing-right-small:1.92%;--awb-spacing-left-small:1.92%;\"><div class=\"fusion-column-wrapper fusion-column-has-shadow fusion-flex-justify-content-flex-start fusion-content-layout-column\"><i class=\"fb-icon-element-8 fb-icon-element fontawesome-icon fa-expand-alt fas circle-no\" style=\"--awb-iconcolor:var(--awb-color8);--awb-iconcolor-hover:var(--awb-color8);--awb-font-size:50px;--awb-align-self:center;--awb-margin-top:0px;--awb-margin-right:0px;--awb-margin-bottom:20px;--awb-margin-left:0px;\"><\/i><div class=\"fusion-text fusion-text-9\"><p>Wir nehmen alle Deine Unternehmen auf, die nicht von uns offiziell gelistet sind. So kannst Du Dein ganzes Portfolio ab sofort voll automatisiert tracken.<\/p>\n<\/div><\/div><\/div><div class=\"fusion-layout-column fusion_builder_column fusion-builder-column-9 fusion_builder_column_1_1 1_1 fusion-flex-column\" style=\"--awb-bg-size:cover;--awb-width-large:100%;--awb-margin-top-large:0px;--awb-spacing-right-large:1.92%;--awb-margin-bottom-large:20px;--awb-spacing-left-large:1.92%;--awb-width-medium:100%;--awb-order-medium:0;--awb-spacing-right-medium:1.92%;--awb-spacing-left-medium:1.92%;--awb-width-small:100%;--awb-order-small:0;--awb-spacing-right-small:1.92%;--awb-spacing-left-small:1.92%;\"><div class=\"fusion-column-wrapper fusion-column-has-shadow fusion-flex-justify-content-flex-start fusion-content-layout-column\"><div class=\"fusion-text fusion-text-10\"><p>Wir freuen uns sehr auf diesen n\u00e4chsten gro\u00dfen Schritt und nat\u00fcrlich auch auf jegliches Feedback.<\/p>\n<p>Viel Spa\u00df mit der neuen <span style=\"color: #d80606;\"><strong>Dividendenstrategie Pro + Tool-Box.<\/strong><\/span><\/p>\n<\/div><\/div><\/div><\/div><\/div><\/p>\n","protected":false},"excerpt":{"rendered":"","protected":false},"author":1,"featured_media":156,"comment_status":"closed","ping_status":"closed","sticky":false,"template":"","format":"standard","meta":{"footnotes":""},"categories":[3],"tags":[],"class_list":["post-23","post","type-post","status-publish","format-standard","has-post-thumbnail","hentry","category-updates"],"yoast_head":"<!-- This site is optimized with the Yoast SEO plugin v27.4 - https:\/\/yoast.com\/product\/yoast-seo-wordpress\/ -->\n<title>Dividendenkalender Pro + wird zur Dividendenstrategie Pro + Tool-Box - Krawattenlos Members<\/title>\n<meta name=\"robots\" content=\"index, follow, max-snippet:-1, max-image-preview:large, max-video-preview:-1\" \/>\n<link rel=\"canonical\" href=\"https:\/\/krawattenlos.de\/members\/updates\/dividendenkalender-pro-wird-zur-dividendenstrategie-pro-tool-box\/\" \/>\n<meta property=\"og:locale\" content=\"de_DE\" \/>\n<meta property=\"og:type\" content=\"article\" \/>\n<meta property=\"og:title\" content=\"Dividendenkalender Pro + wird zur Dividendenstrategie Pro + Tool-Box - Krawattenlos Members\" \/>\n<meta property=\"og:url\" content=\"https:\/\/krawattenlos.de\/members\/updates\/dividendenkalender-pro-wird-zur-dividendenstrategie-pro-tool-box\/\" \/>\n<meta property=\"og:site_name\" content=\"Krawattenlos Members\" \/>\n<meta property=\"article:published_time\" content=\"2023-02-22T13:22:18+00:00\" \/>\n<meta property=\"article:modified_time\" content=\"2023-04-24T14:48:36+00:00\" \/>\n<meta property=\"og:image\" content=\"https:\/\/krawattenlos.de\/members\/wp-content\/uploads\/2023\/03\/KW_DivStratProPlus_Tool-Box_600x800.png\" \/>\n\t<meta property=\"og:image:width\" content=\"600\" \/>\n\t<meta property=\"og:image:height\" content=\"800\" \/>\n\t<meta property=\"og:image:type\" content=\"image\/png\" \/>\n<meta name=\"author\" content=\"Marcel\" \/>\n<meta name=\"twitter:card\" content=\"summary_large_image\" \/>\n<meta name=\"twitter:label1\" content=\"Verfasst von\" \/>\n\t<meta name=\"twitter:data1\" content=\"Marcel\" \/>\n<script type=\"application\/ld+json\" class=\"yoast-schema-graph\">{\"@context\":\"https:\\\/\\\/schema.org\",\"@graph\":[{\"@type\":\"Article\",\"@id\":\"https:\\\/\\\/krawattenlos.de\\\/members\\\/updates\\\/dividendenkalender-pro-wird-zur-dividendenstrategie-pro-tool-box\\\/#article\",\"isPartOf\":{\"@id\":\"https:\\\/\\\/krawattenlos.de\\\/members\\\/updates\\\/dividendenkalender-pro-wird-zur-dividendenstrategie-pro-tool-box\\\/\"},\"author\":{\"name\":\"Marcel\",\"@id\":\"https:\\\/\\\/krawattenlos.de\\\/members\\\/#\\\/schema\\\/person\\\/2f2284b76b3481775b4e2325c69c01de\"},\"headline\":\"Dividendenkalender Pro + wird zur Dividendenstrategie Pro + Tool-Box\",\"datePublished\":\"2023-02-22T13:22:18+00:00\",\"dateModified\":\"2023-04-24T14:48:36+00:00\",\"mainEntityOfPage\":{\"@id\":\"https:\\\/\\\/krawattenlos.de\\\/members\\\/updates\\\/dividendenkalender-pro-wird-zur-dividendenstrategie-pro-tool-box\\\/\"},\"wordCount\":3674,\"image\":{\"@id\":\"https:\\\/\\\/krawattenlos.de\\\/members\\\/updates\\\/dividendenkalender-pro-wird-zur-dividendenstrategie-pro-tool-box\\\/#primaryimage\"},\"thumbnailUrl\":\"https:\\\/\\\/krawattenlos.de\\\/members\\\/wp-content\\\/uploads\\\/2023\\\/03\\\/KW_DivStratProPlus_Tool-Box_600x800.png\",\"articleSection\":[\"Updates\"],\"inLanguage\":\"de\"},{\"@type\":\"WebPage\",\"@id\":\"https:\\\/\\\/krawattenlos.de\\\/members\\\/updates\\\/dividendenkalender-pro-wird-zur-dividendenstrategie-pro-tool-box\\\/\",\"url\":\"https:\\\/\\\/krawattenlos.de\\\/members\\\/updates\\\/dividendenkalender-pro-wird-zur-dividendenstrategie-pro-tool-box\\\/\",\"name\":\"Dividendenkalender Pro + wird zur Dividendenstrategie Pro + Tool-Box - Krawattenlos Members\",\"isPartOf\":{\"@id\":\"https:\\\/\\\/krawattenlos.de\\\/members\\\/#website\"},\"primaryImageOfPage\":{\"@id\":\"https:\\\/\\\/krawattenlos.de\\\/members\\\/updates\\\/dividendenkalender-pro-wird-zur-dividendenstrategie-pro-tool-box\\\/#primaryimage\"},\"image\":{\"@id\":\"https:\\\/\\\/krawattenlos.de\\\/members\\\/updates\\\/dividendenkalender-pro-wird-zur-dividendenstrategie-pro-tool-box\\\/#primaryimage\"},\"thumbnailUrl\":\"https:\\\/\\\/krawattenlos.de\\\/members\\\/wp-content\\\/uploads\\\/2023\\\/03\\\/KW_DivStratProPlus_Tool-Box_600x800.png\",\"datePublished\":\"2023-02-22T13:22:18+00:00\",\"dateModified\":\"2023-04-24T14:48:36+00:00\",\"author\":{\"@id\":\"https:\\\/\\\/krawattenlos.de\\\/members\\\/#\\\/schema\\\/person\\\/2f2284b76b3481775b4e2325c69c01de\"},\"breadcrumb\":{\"@id\":\"https:\\\/\\\/krawattenlos.de\\\/members\\\/updates\\\/dividendenkalender-pro-wird-zur-dividendenstrategie-pro-tool-box\\\/#breadcrumb\"},\"inLanguage\":\"de\",\"potentialAction\":[{\"@type\":\"ReadAction\",\"target\":[\"https:\\\/\\\/krawattenlos.de\\\/members\\\/updates\\\/dividendenkalender-pro-wird-zur-dividendenstrategie-pro-tool-box\\\/\"]}]},{\"@type\":\"ImageObject\",\"inLanguage\":\"de\",\"@id\":\"https:\\\/\\\/krawattenlos.de\\\/members\\\/updates\\\/dividendenkalender-pro-wird-zur-dividendenstrategie-pro-tool-box\\\/#primaryimage\",\"url\":\"https:\\\/\\\/krawattenlos.de\\\/members\\\/wp-content\\\/uploads\\\/2023\\\/03\\\/KW_DivStratProPlus_Tool-Box_600x800.png\",\"contentUrl\":\"https:\\\/\\\/krawattenlos.de\\\/members\\\/wp-content\\\/uploads\\\/2023\\\/03\\\/KW_DivStratProPlus_Tool-Box_600x800.png\",\"width\":600,\"height\":800,\"caption\":\"Software-Box Dividendenstrategie Pro + Tool-Box\"},{\"@type\":\"BreadcrumbList\",\"@id\":\"https:\\\/\\\/krawattenlos.de\\\/members\\\/updates\\\/dividendenkalender-pro-wird-zur-dividendenstrategie-pro-tool-box\\\/#breadcrumb\",\"itemListElement\":[{\"@type\":\"ListItem\",\"position\":1,\"name\":\"Startseite\",\"item\":\"https:\\\/\\\/krawattenlos.de\\\/members\\\/\"},{\"@type\":\"ListItem\",\"position\":2,\"name\":\"Dividendenkalender Pro + wird zur Dividendenstrategie Pro + Tool-Box\"}]},{\"@type\":\"WebSite\",\"@id\":\"https:\\\/\\\/krawattenlos.de\\\/members\\\/#website\",\"url\":\"https:\\\/\\\/krawattenlos.de\\\/members\\\/\",\"name\":\"Krawattenlos Members\",\"description\":\"Exklusiver Mitgliederbereich von Krawattenlos\",\"potentialAction\":[{\"@type\":\"SearchAction\",\"target\":{\"@type\":\"EntryPoint\",\"urlTemplate\":\"https:\\\/\\\/krawattenlos.de\\\/members\\\/?s={search_term_string}\"},\"query-input\":{\"@type\":\"PropertyValueSpecification\",\"valueRequired\":true,\"valueName\":\"search_term_string\"}}],\"inLanguage\":\"de\"},{\"@type\":\"Person\",\"@id\":\"https:\\\/\\\/krawattenlos.de\\\/members\\\/#\\\/schema\\\/person\\\/2f2284b76b3481775b4e2325c69c01de\",\"name\":\"Marcel\",\"image\":{\"@type\":\"ImageObject\",\"inLanguage\":\"de\",\"@id\":\"https:\\\/\\\/secure.gravatar.com\\\/avatar\\\/42b807d6e77d508f3dc43f52fd88f1878078d1d797093161ecee69604471c8fc?s=96&d=mm&r=g\",\"url\":\"https:\\\/\\\/secure.gravatar.com\\\/avatar\\\/42b807d6e77d508f3dc43f52fd88f1878078d1d797093161ecee69604471c8fc?s=96&d=mm&r=g\",\"contentUrl\":\"https:\\\/\\\/secure.gravatar.com\\\/avatar\\\/42b807d6e77d508f3dc43f52fd88f1878078d1d797093161ecee69604471c8fc?s=96&d=mm&r=g\",\"caption\":\"Marcel\"},\"url\":\"https:\\\/\\\/krawattenlos.de\\\/members\\\/author\\\/marcel\\\/\"}]}<\/script>\n<!-- \/ Yoast SEO plugin. -->","yoast_head_json":{"title":"Dividendenkalender Pro + wird zur Dividendenstrategie Pro + Tool-Box - Krawattenlos Members","robots":{"index":"index","follow":"follow","max-snippet":"max-snippet:-1","max-image-preview":"max-image-preview:large","max-video-preview":"max-video-preview:-1"},"canonical":"https:\/\/krawattenlos.de\/members\/updates\/dividendenkalender-pro-wird-zur-dividendenstrategie-pro-tool-box\/","og_locale":"de_DE","og_type":"article","og_title":"Dividendenkalender Pro + wird zur Dividendenstrategie Pro + Tool-Box - Krawattenlos Members","og_url":"https:\/\/krawattenlos.de\/members\/updates\/dividendenkalender-pro-wird-zur-dividendenstrategie-pro-tool-box\/","og_site_name":"Krawattenlos Members","article_published_time":"2023-02-22T13:22:18+00:00","article_modified_time":"2023-04-24T14:48:36+00:00","og_image":[{"width":600,"height":800,"url":"https:\/\/krawattenlos.de\/members\/wp-content\/uploads\/2023\/03\/KW_DivStratProPlus_Tool-Box_600x800.png","type":"image\/png"}],"author":"Marcel","twitter_card":"summary_large_image","twitter_misc":{"Verfasst von":"Marcel"},"schema":{"@context":"https:\/\/schema.org","@graph":[{"@type":"Article","@id":"https:\/\/krawattenlos.de\/members\/updates\/dividendenkalender-pro-wird-zur-dividendenstrategie-pro-tool-box\/#article","isPartOf":{"@id":"https:\/\/krawattenlos.de\/members\/updates\/dividendenkalender-pro-wird-zur-dividendenstrategie-pro-tool-box\/"},"author":{"name":"Marcel","@id":"https:\/\/krawattenlos.de\/members\/#\/schema\/person\/2f2284b76b3481775b4e2325c69c01de"},"headline":"Dividendenkalender Pro + wird zur Dividendenstrategie Pro + Tool-Box","datePublished":"2023-02-22T13:22:18+00:00","dateModified":"2023-04-24T14:48:36+00:00","mainEntityOfPage":{"@id":"https:\/\/krawattenlos.de\/members\/updates\/dividendenkalender-pro-wird-zur-dividendenstrategie-pro-tool-box\/"},"wordCount":3674,"image":{"@id":"https:\/\/krawattenlos.de\/members\/updates\/dividendenkalender-pro-wird-zur-dividendenstrategie-pro-tool-box\/#primaryimage"},"thumbnailUrl":"https:\/\/krawattenlos.de\/members\/wp-content\/uploads\/2023\/03\/KW_DivStratProPlus_Tool-Box_600x800.png","articleSection":["Updates"],"inLanguage":"de"},{"@type":"WebPage","@id":"https:\/\/krawattenlos.de\/members\/updates\/dividendenkalender-pro-wird-zur-dividendenstrategie-pro-tool-box\/","url":"https:\/\/krawattenlos.de\/members\/updates\/dividendenkalender-pro-wird-zur-dividendenstrategie-pro-tool-box\/","name":"Dividendenkalender Pro + wird zur Dividendenstrategie Pro + Tool-Box - Krawattenlos Members","isPartOf":{"@id":"https:\/\/krawattenlos.de\/members\/#website"},"primaryImageOfPage":{"@id":"https:\/\/krawattenlos.de\/members\/updates\/dividendenkalender-pro-wird-zur-dividendenstrategie-pro-tool-box\/#primaryimage"},"image":{"@id":"https:\/\/krawattenlos.de\/members\/updates\/dividendenkalender-pro-wird-zur-dividendenstrategie-pro-tool-box\/#primaryimage"},"thumbnailUrl":"https:\/\/krawattenlos.de\/members\/wp-content\/uploads\/2023\/03\/KW_DivStratProPlus_Tool-Box_600x800.png","datePublished":"2023-02-22T13:22:18+00:00","dateModified":"2023-04-24T14:48:36+00:00","author":{"@id":"https:\/\/krawattenlos.de\/members\/#\/schema\/person\/2f2284b76b3481775b4e2325c69c01de"},"breadcrumb":{"@id":"https:\/\/krawattenlos.de\/members\/updates\/dividendenkalender-pro-wird-zur-dividendenstrategie-pro-tool-box\/#breadcrumb"},"inLanguage":"de","potentialAction":[{"@type":"ReadAction","target":["https:\/\/krawattenlos.de\/members\/updates\/dividendenkalender-pro-wird-zur-dividendenstrategie-pro-tool-box\/"]}]},{"@type":"ImageObject","inLanguage":"de","@id":"https:\/\/krawattenlos.de\/members\/updates\/dividendenkalender-pro-wird-zur-dividendenstrategie-pro-tool-box\/#primaryimage","url":"https:\/\/krawattenlos.de\/members\/wp-content\/uploads\/2023\/03\/KW_DivStratProPlus_Tool-Box_600x800.png","contentUrl":"https:\/\/krawattenlos.de\/members\/wp-content\/uploads\/2023\/03\/KW_DivStratProPlus_Tool-Box_600x800.png","width":600,"height":800,"caption":"Software-Box Dividendenstrategie Pro + Tool-Box"},{"@type":"BreadcrumbList","@id":"https:\/\/krawattenlos.de\/members\/updates\/dividendenkalender-pro-wird-zur-dividendenstrategie-pro-tool-box\/#breadcrumb","itemListElement":[{"@type":"ListItem","position":1,"name":"Startseite","item":"https:\/\/krawattenlos.de\/members\/"},{"@type":"ListItem","position":2,"name":"Dividendenkalender Pro + wird zur Dividendenstrategie Pro + Tool-Box"}]},{"@type":"WebSite","@id":"https:\/\/krawattenlos.de\/members\/#website","url":"https:\/\/krawattenlos.de\/members\/","name":"Krawattenlos Members","description":"Exklusiver Mitgliederbereich von Krawattenlos","potentialAction":[{"@type":"SearchAction","target":{"@type":"EntryPoint","urlTemplate":"https:\/\/krawattenlos.de\/members\/?s={search_term_string}"},"query-input":{"@type":"PropertyValueSpecification","valueRequired":true,"valueName":"search_term_string"}}],"inLanguage":"de"},{"@type":"Person","@id":"https:\/\/krawattenlos.de\/members\/#\/schema\/person\/2f2284b76b3481775b4e2325c69c01de","name":"Marcel","image":{"@type":"ImageObject","inLanguage":"de","@id":"https:\/\/secure.gravatar.com\/avatar\/42b807d6e77d508f3dc43f52fd88f1878078d1d797093161ecee69604471c8fc?s=96&d=mm&r=g","url":"https:\/\/secure.gravatar.com\/avatar\/42b807d6e77d508f3dc43f52fd88f1878078d1d797093161ecee69604471c8fc?s=96&d=mm&r=g","contentUrl":"https:\/\/secure.gravatar.com\/avatar\/42b807d6e77d508f3dc43f52fd88f1878078d1d797093161ecee69604471c8fc?s=96&d=mm&r=g","caption":"Marcel"},"url":"https:\/\/krawattenlos.de\/members\/author\/marcel\/"}]}},"_links":{"self":[{"href":"https:\/\/krawattenlos.de\/members\/wp-json\/wp\/v2\/posts\/23","targetHints":{"allow":["GET"]}}],"collection":[{"href":"https:\/\/krawattenlos.de\/members\/wp-json\/wp\/v2\/posts"}],"about":[{"href":"https:\/\/krawattenlos.de\/members\/wp-json\/wp\/v2\/types\/post"}],"author":[{"embeddable":true,"href":"https:\/\/krawattenlos.de\/members\/wp-json\/wp\/v2\/users\/1"}],"replies":[{"embeddable":true,"href":"https:\/\/krawattenlos.de\/members\/wp-json\/wp\/v2\/comments?post=23"}],"version-history":[{"count":7,"href":"https:\/\/krawattenlos.de\/members\/wp-json\/wp\/v2\/posts\/23\/revisions"}],"predecessor-version":[{"id":35,"href":"https:\/\/krawattenlos.de\/members\/wp-json\/wp\/v2\/posts\/23\/revisions\/35"}],"wp:featuredmedia":[{"embeddable":true,"href":"https:\/\/krawattenlos.de\/members\/wp-json\/wp\/v2\/media\/156"}],"wp:attachment":[{"href":"https:\/\/krawattenlos.de\/members\/wp-json\/wp\/v2\/media?parent=23"}],"wp:term":[{"taxonomy":"category","embeddable":true,"href":"https:\/\/krawattenlos.de\/members\/wp-json\/wp\/v2\/categories?post=23"},{"taxonomy":"post_tag","embeddable":true,"href":"https:\/\/krawattenlos.de\/members\/wp-json\/wp\/v2\/tags?post=23"}],"curies":[{"name":"wp","href":"https:\/\/api.w.org\/{rel}","templated":true}]}}